{"id":7885,"date":"2026-01-26T13:55:49","date_gmt":"2026-01-26T11:55:49","guid":{"rendered":"https:\/\/rv-avenwedde.de\/?p=7885"},"modified":"2026-01-26T13:58:22","modified_gmt":"2026-01-26T11:58:22","slug":"jahreshauptversammlung-2026","status":"publish","type":"post","link":"https:\/\/rv-avenwedde.de\/?p=7885","title":{"rendered":"Jahreshauptversammlung 2026"},"content":{"rendered":"<p>Hallo zusammen,<\/p>\n<p>unsere Jahreshauptversammlung findet dieses Jahr am Freitag, den 27. Februar 2026 um 20 Uhr in der Gastst\u00e4tte Waldklause statt.<\/p>\n<p>Adresse: Spexarderstr. 205; 33334 G\u00fctersloh<\/p>\n<p>Denkt bitte an eure Arbeitszettel von 2025, welche sp\u00e4testens bei der Versammlung abgegeben werden m\u00fcssen.<\/p>\n<p>Die Jugendversammlung beginnt bereits um 19 Uhr ebenfalls in der Waldklause.<\/p>\n<p>Wir freuen uns auf zahlreiches erscheinen. Weitere Details k\u00f6nnen der Einladungen entnommen werden.<\/p>\n<p>&nbsp;<\/p>\n<p>Mit freundlichen Gr\u00fc\u00dfen<\/p>\n<p>Euer Vorstand<\/p>\n","protected":false},"excerpt":{"rendered":"<p>Hallo zusammen, unsere Jahreshauptversammlung findet dieses Jahr am Freitag, den 27. Februar 2026 um 20 Uhr in der Gastst\u00e4tte Waldklause statt. Adresse: Spexarderstr. 205; 33334 G\u00fctersloh Denkt bitte an eure Arbeitszettel von 2025, welche sp\u00e4testens bei der Versammlung abgegeben werden m\u00fcssen. Die Jugendversammlung beginnt bereits um 19 Uhr ebenfalls in der Waldklause. Wir freuen uns auf zahlreiches erscheinen. Weitere Details k\u00f6nnen der Einladungen entnommen werden. [&hellip;]<\/p>\n","protected":false},"author":7,"featured_media":0,"comment_status":"closed","ping_status":"closed","sticky":false,"template":"","format":"standard","meta":{"footnotes":""},"categories":[3],"tags":[],"class_list":["post-7885","post","type-post","status-publish","format-standard","hentry","category-aushang"],"_links":{"self":[{"href":"https:\/\/rv-avenwedde.de\/index.php?rest_route=\/wp\/v2\/posts\/7885","targetHints":{"allow":["GET"]}}],"collection":[{"href":"https:\/\/rv-avenwedde.de\/index.php?rest_route=\/wp\/v2\/posts"}],"about":[{"href":"https:\/\/rv-avenwedde.de\/index.php?rest_route=\/wp\/v2\/types\/post"}],"author":[{"embeddable":true,"href":"https:\/\/rv-avenwedde.de\/index.php?rest_route=\/wp\/v2\/users\/7"}],"replies":[{"embeddable":true,"href":"https:\/\/rv-avenwedde.de\/index.php?rest_route=%2Fwp%2Fv2%2Fcomments&post=7885"}],"version-history":[{"count":1,"href":"https:\/\/rv-avenwedde.de\/index.php?rest_route=\/wp\/v2\/posts\/7885\/revisions"}],"predecessor-version":[{"id":7886,"href":"https:\/\/rv-avenwedde.de\/index.php?rest_route=\/wp\/v2\/posts\/7885\/revisions\/7886"}],"wp:attachment":[{"href":"https:\/\/rv-avenwedde.de\/index.php?rest_route=%2Fwp%2Fv2%2Fmedia&parent=7885"}],"wp:term":[{"taxonomy":"category","embeddable":true,"href":"https:\/\/rv-avenwedde.de\/index.php?rest_route=%2Fwp%2Fv2%2Fcategories&post=7885"},{"taxonomy":"post_tag","embeddable":true,"href":"https:\/\/rv-avenwedde.de\/index.php?rest_route=%2Fwp%2Fv2%2Ftags&post=7885"}],"curies":[{"name":"wp","href":"https:\/\/api.w.org\/{rel}","templated":true}]}}